{"id":251,"date":"2014-03-28T17:56:03","date_gmt":"2014-03-28T16:56:03","guid":{"rendered":"http:\/\/www.jacques-pain.fr\/jwp\/?p=251"},"modified":"2014-05-28T15:35:23","modified_gmt":"2014-05-28T14:35:23","slug":"stage-pedagogie-institutionnelle","status":"publish","type":"post","link":"http:\/\/www.jacques-pain.fr\/jpwp\/stage-pedagogie-institutionnelle\/","title":{"rendered":"Stage p\u00e9dagogie institutionnelle"},"content":{"rendered":"<h2 class=\"paragraph_style_1\" style=\"color: rgb(18, 132, 186); text-align: center;\">Le stage \u00abPI\u00bb AVPI 2014<br \/><span style=\"font-family: arial, helvetica, sans-serif; font-size: 12pt;\">AVPI : Association vers une p\u00e9dagogie institutionnelle<\/span><\/h2>\n<p class=\"paragraph_style_4\" style=\"color: #205892;\"><span style=\"color: rgb(0, 0, 0);\">17e Stage national AVPI<\/span><\/p>\n<p class=\"paragraph_style_5\" style=\"font-weight: bold; color: #205892;\"><span style=\"color: rgb(0, 0, 0);\">Ao\u00fbt 2014<\/span><\/p>\n<p class=\"paragraph_style_4\" style=\"color: #205892;\"><span style=\"color: rgb(0, 0, 0);\">Quoi de neuf ? Janvier 2014.<\/span><\/p>\n<p class=\"paragraph_style_4\" style=\"color: #205892;\"><span style=\"color: rgb(0, 0, 0);\">Bienvenue sur la newsletter du site de l&rsquo;Association Vers la P\u00e9dagogie Institutionnelle Fernand Oury,<\/span><\/p>\n<p class=\"paragraph_style_4\" style=\"color: #205892;\"><span style=\"color: rgb(0, 0, 0);\">Nous vous souhaitons une excellente ann\u00e9e p\u00e9dagogique pour 2014 !<\/span><\/p>\n<p class=\"paragraph_style_4\" style=\"color: #205892;\"><span style=\"color: rgb(0, 0, 0);\">Le groupe de P\u00e9dagogie Institutionnelle du Maine et Loire organise une r\u00e9union ouverte : le Mercredi 29 janvier de 19h30 \u00e0 21h30 \u00e0 l\u2019\u00e9cole de Brain sur Longuen\u00e9e Th\u00e8me de la soir\u00e9e : \u00ab\u00a0L\u2019entr\u00e9e dans la loi dans une classe maternelle\u00a0\u00bb. Isabelle Robin t\u00e9moignera de son exp\u00e9rience d&rsquo;institutrice en classe maternelle et pr\u00e9sentera \u00e9galement ses deux ouvrages. Merci de pr\u00e9venir de votre \u00e9ventuelle participation aupr\u00e8s de :\u00a0<a class=\"Aucun\" style=\"color: #1284ba;\" title=\"mailto:raphael.eon@wanadoo.fr\" href=\"mailto:raphael.eon@wanadoo.fr\"><span style=\"color: rgb(0, 0, 0);\">raphael.eon@wanadoo.fr<\/span><\/a><\/span><\/p>\n<p class=\"paragraph_style_4\" style=\"color: #205892;\"><span style=\"color: rgb(0, 0, 0);\">Le 17\u00b0 STAGE NATIONAL de p\u00e9dagogie Institutionnelle propos\u00e9 par AVPI-F.Oury aura lieu du 19 au 26 ao\u00fbt 2014 \u00e0 La Meignanne pr\u00e8s d&rsquo;Angers (49) Pour plus d&rsquo;informations sur le stage, t\u00e9l\u00e9charger le programme :\u00a0\u00a0<a class=\"Aucun\" style=\"color: #1284ba;\" title=\"http:\/\/avpi-fernand-oury.us2.list-manage.com\/track\/click?u=a767f5170a3c6db30fc15d3f6&amp;id=3c7d0631ce&amp;e=9d84734283\" href=\"http:\/\/avpi-fernand-oury.us2.list-manage.com\/track\/click?u=a767f5170a3c6db30fc15d3f6&amp;id=3c7d0631ce&amp;e=9d84734283\"><span style=\"color: rgb(0, 0, 0);\">cliquez ici\u00a0<\/span><\/a><\/span><\/p>\n<p class=\"paragraph_style_4\" style=\"color: #205892;\"><span style=\"color: rgb(0, 0, 0);\">Des coll\u00e8gues recherchent une CORRESPONDANCE scolaire pour l&rsquo;ann\u00e9e 2013 &#8211; 2014.<\/span><\/p>\n<p class=\"paragraph_style_4\" style=\"color: #205892;\"><span style=\"color: rgb(0, 0, 0);\">Contactez les sur le site : cliquez ici.<a class=\"Aucun\" style=\"color: #1284ba;\" title=\"http:\/\/avpi-fernand-oury.us2.list-manage.com\/track\/click?u=a767f5170a3c6db30fc15d3f6&amp;id=3423611b11&amp;e=9d84734283\" href=\"http:\/\/avpi-fernand-oury.us2.list-manage.com\/track\/click?u=a767f5170a3c6db30fc15d3f6&amp;id=3423611b11&amp;e=9d84734283\"><span style=\"color: rgb(0, 0, 0);\">cliquez ici.<\/span><\/a><\/span><\/p>\n<p class=\"paragraph_style_4\" style=\"color: #205892;\"><span style=\"color: rgb(0, 0, 0);\">Si votre annonce a d\u00e9j\u00e0 trouv\u00e9 un correspondant , merci de me l&rsquo;indiquer pour que je puisse enlever votre annonce :\u00a0<a class=\"Aucun\" style=\"color: #1284ba;\" title=\"mailto:avpifo@gmail.com\" href=\"mailto:avpifo@gmail.com\"><span style=\"color: rgb(0, 0, 0);\">avpifo@gmail.com<\/span><\/a>\u00a0<\/span><\/p>\n<p class=\"paragraph_style_4\" style=\"color: #205892;\"><span style=\"color: rgb(0, 0, 0);\">Isabelle Robin vient de publier un nouveau livre \u00ab\u00a0L&rsquo;entr\u00e9e dans la loi dans une classe maternelle\u00a0\u00bb aux \u00e9ditions RoPI.<\/span><\/p>\n<p class=\"paragraph_style_4\" style=\"color: #205892;\"><span style=\"color: rgb(0, 0, 0);\">Pour le commander, \u00a0\u00a0<a class=\"Aucun\" style=\"color: #1284ba;\" title=\"http:\/\/avpi-fernand-oury.us2.list-manage1.com\/track\/click?u=a767f5170a3c6db30fc15d3f6&amp;id=115d42d4e7&amp;e=9d84734283\" href=\"http:\/\/avpi-fernand-oury.us2.list-manage1.com\/track\/click?u=a767f5170a3c6db30fc15d3f6&amp;id=115d42d4e7&amp;e=9d84734283\"><span style=\"color: rgb(0, 0, 0);\">cliquez ici.<\/span><\/a><\/span><\/p>\n<p class=\"paragraph_style_4\" style=\"color: #205892;\"><span style=\"color: rgb(0, 0, 0);\">Pour plus d&rsquo;informations sur le livre :<\/span><\/p>\n<p class=\"paragraph_style_4\" style=\"color: #205892;\"><span style=\"color: rgb(0, 0, 0);\">\u00ab\u00a0L&rsquo;\u00e9cole, un lieu de recours possible pour l&rsquo;enfant et ses parents\u00a0\u00bb,\u00a0<span style=\"color: rgb(0, 0, 0);\"><a class=\"Aucun\" style=\"color: #1284ba;\" title=\"http:\/\/avpi-fernand-oury.us2.list-manage2.com\/track\/click?u=a767f5170a3c6db30fc15d3f6&amp;id=a1774b5e94&amp;e=9d84734283\" href=\"http:\/\/avpi-fernand-oury.us2.list-manage2.com\/track\/click?u=a767f5170a3c6db30fc15d3f6&amp;id=a1774b5e94&amp;e=9d84734283\">cliquez ici\u00a0<\/a><\/span><\/span><\/p>\n<p class=\"paragraph_style_4\" style=\"color: #205892;\"><span style=\"color: rgb(0, 0, 0);\">Thierry Vial pour AVPI-F.Oury.\u00a0<\/span><\/p>\n<p class=\"paragraph_style_4\" style=\"color: #205892;\"><span style=\"color: rgb(0, 0, 0);\">Pour contacter l&rsquo;administrateur du site d&rsquo;AVPI-F.Oury\u00a0<a class=\"Aucun\" style=\"color: #1284ba;\" title=\"mailto:avpifo@gmail.com\" href=\"mailto:avpifo@gmail.com\"><span style=\"color: rgb(0, 0, 0);\">avpifo@gmail.com<\/span><\/a>\u00a0 \u00a0<\/span><\/p>\n","protected":false},"excerpt":{"rendered":"<p>Le stage \u00abPI\u00bb AVPI 2014AVPI : Association vers une p\u00e9dagogie institutionnelle 17e Stage national AVPI Ao\u00fbt 2014 Quoi de neuf ? Janvier 2014. Bienvenue sur la newsletter du site de l&rsquo;Association Vers la P\u00e9dagogie Institutionnelle Fernand Oury, Nous vous souhaitons une excellente ann\u00e9e p\u00e9dagogique pour 2014 ! Le groupe de P\u00e9dagogie Institutionnelle du Maine et [&hellip;]<\/p>\n","protected":false},"author":1,"featured_media":0,"comment_status":"closed","ping_status":"open","sticky":false,"template":"","format":"standard","meta":{"footnotes":""},"categories":[9],"tags":[],"class_list":["post-251","post","type-post","status-publish","format-standard","hentry","category-quoi-de-neuf"],"_links":{"self":[{"href":"http:\/\/www.jacques-pain.fr\/jpwp\/wp-json\/wp\/v2\/posts\/251","targetHints":{"allow":["GET"]}}],"collection":[{"href":"http:\/\/www.jacques-pain.fr\/jpwp\/wp-json\/wp\/v2\/posts"}],"about":[{"href":"http:\/\/www.jacques-pain.fr\/jpwp\/wp-json\/wp\/v2\/types\/post"}],"author":[{"embeddable":true,"href":"http:\/\/www.jacques-pain.fr\/jpwp\/wp-json\/wp\/v2\/users\/1"}],"replies":[{"embeddable":true,"href":"http:\/\/www.jacques-pain.fr\/jpwp\/wp-json\/wp\/v2\/comments?post=251"}],"version-history":[{"count":3,"href":"http:\/\/www.jacques-pain.fr\/jpwp\/wp-json\/wp\/v2\/posts\/251\/revisions"}],"predecessor-version":[{"id":326,"href":"http:\/\/www.jacques-pain.fr\/jpwp\/wp-json\/wp\/v2\/posts\/251\/revisions\/326"}],"wp:attachment":[{"href":"http:\/\/www.jacques-pain.fr\/jpwp\/wp-json\/wp\/v2\/media?parent=251"}],"wp:term":[{"taxonomy":"category","embeddable":true,"href":"http:\/\/www.jacques-pain.fr\/jpwp\/wp-json\/wp\/v2\/categories?post=251"},{"taxonomy":"post_tag","embeddable":true,"href":"http:\/\/www.jacques-pain.fr\/jpwp\/wp-json\/wp\/v2\/tags?post=251"}],"curies":[{"name":"wp","href":"https:\/\/api.w.org\/{rel}","templated":true}]}}