{"id":360,"date":"2014-05-15T07:41:23","date_gmt":"2014-05-15T06:41:23","guid":{"rendered":"http:\/\/www.jacques-pain.fr\/jpwp\/?p=360"},"modified":"2014-05-29T14:48:06","modified_gmt":"2014-05-29T13:48:06","slug":"stage-avpi-fernand-oury","status":"publish","type":"post","link":"http:\/\/www.jacques-pain.fr\/jpwp\/stage-avpi-fernand-oury\/","title":{"rendered":"Stage AVPI Fernand Oury"},"content":{"rendered":"<h2><a href=\"http:\/\/www.jacques-pain.fr\/jpwp\/wp-content\/uploads\/2014\/05\/Stage-AVPI.jpg\"><img loading=\"lazy\" decoding=\"async\" class=\"alignleft  wp-image-371\" src=\"http:\/\/www.jacques-pain.fr\/jpwp\/wp-content\/uploads\/2014\/05\/Stage-AVPI.jpg\" alt=\"Stage AVPI\" width=\"185\" height=\"127\" \/><\/a>17<sup>e<\/sup> stage national\u00a0AVPI Fernand Oury.<\/h2>\n<p><span style=\"color: #008ac8;\">19 au 26 ao\u00fbt 2014\u00a0<\/span><br \/> Lieu du stage :<br \/> La Meignanne (pr\u00e8s d&rsquo;Angers &#8211; 49)<\/p>\n<p style=\"color: #838383;\">Pour profiter d&rsquo;un tarif pr\u00e9f\u00e9rentiel, pensez \u00e0\u00a0vous INSCRIRE avant le\u00a031 mai 2014. <br \/> Pour plus d&rsquo;informations sur le stage, <a title=\"Programme du 17\u00b0 stage national davpi\" href=\"http:\/\/avpi-fernand-oury.fr\/stage\/17%C2%B0-stage-national-davpi\/\" target=\"_blank\">t\u00e9l\u00e9charger le programme.<\/a><\/p>\n<hr \/>\n<p><span class=\"style_5\">Intensif, \u00e9<\/span>prouvant comme la classe, ce stage est organis<span class=\"style_5\">\u00e9<\/span>\u00a0par des praticiens des techniques Freinet et de la p<span class=\"style_5\">\u00e9<\/span>dagogie institutionnelle\u00a0<span class=\"style_5\">\u00e0<\/span>\u00a0l&rsquo;intention d&rsquo;autres instituteurs, institutrices, professeurs d&rsquo;<span class=\"style_5\">\u00e9<\/span>cole. Il accueille aussi des\u00a0<span class=\"style_5\">\u00e9<\/span>ducateurs charg<span class=\"style_5\">\u00e9<\/span>s de classe et des ma<span class=\"style_5\">\u00ee<\/span>tres de l&rsquo;enseignement sp<span class=\"style_5\">\u00e9<\/span>cialis<span class=\"style_5\">\u00e9<\/span>.<\/p>\n<p class=\"paragraph_style_6\" style=\"color: #636363;\"><strong>Stage A1<\/strong> : Techniques<span class=\"style_6\" style=\"font-weight: 400;\">\u00a0Freinet et p\u00e9<\/span>dagogie<span class=\"style_6\" style=\"font-weight: 400;\">\u00a0institutionnelle<\/span><\/p>\n<p class=\"paragraph_style_6\" style=\"color: #636363;\">D&rsquo;abord savoir faire un journal, une correspondance scolaire, une sortie enqu\u00ea<span class=\"style_7\">te, organiser et instituer des lieux&#8230;<\/span><\/p>\n<p class=\"paragraph_style_6\" style=\"color: #636363;\"><strong>Stage A2<\/strong> : Une p\u00e9<span class=\"style_8\">dagogie efficace<\/span><\/p>\n<p class=\"paragraph_style_5\" style=\"color: #636363;\"><span class=\"style_5\">La classe devient coop\u00e9<\/span>rative. Perfectionner les techniques, ma<span class=\"style_5\">\u00ee<\/span>triser l&rsquo;organisation et les institutions.<br \/>Savoir utiliser le dynamisme et les apports des enfants pour apprendre \u00e0<span class=\"style_7\">\u00a0lire,\u00a0<\/span>\u00e9<span class=\"style_7\">crire, compter.<\/span><\/p>\n<p class=\"paragraph_style_8\" style=\"color: #636363;\"><span class=\"style_8\" style=\"font-weight: bold;\">Stage B<\/span><span class=\"style_9\">\u00a0: Uniquement sur invitation\u00a0<\/span>Entendre quelques choses, voir plus clair.<\/p>\n<p class=\"paragraph_style_8\" style=\"color: #636363;\">Techniques et institutions sont en place, les enfants parlent, apprennent et progressent. Mais il arrive que certains \u00e9<span class=\"style_7\">v<\/span>\u00e9<span class=\"style_7\">nements nous questionnent, que la classe coop<\/span>\u00e9<span class=\"style_7\">rative stagne, que le dispositif s\u2019enraye ou s\u2019emballe, que certains enfants posent probl<\/span>\u00e8<span class=\"style_7\">me. Qu\u2019on s\u2019en sorte ou qu\u2019on cafouille, on aimerait y voir plus clair, ma<\/span>\u00ee<span class=\"style_7\">triser un peu ce qui se passe l<\/span>\u00e0<span class=\"style_7\">.<\/span>\u00a0<\/p>\n<p class=\"paragraph_style_9\" style=\"color: #636363;\">Thierry Vial pour AVPI-F.Oury.<\/p>\n<p class=\"paragraph_style_10\" style=\"color: #636363;\">Pour contacter l&rsquo;administrateur du site d&rsquo;AVPI-F.Oury\u00a0<span class=\"style_10\" style=\"color: #6294c1;\">avpifo@gmail.com<\/span><span class=\"style_11\">\u00a0\u00a0<\/span><\/p>\n","protected":false},"excerpt":{"rendered":"<p>17e stage national\u00a0AVPI Fernand Oury. 19 au 26 ao\u00fbt 2014\u00a0 Lieu du stage : La Meignanne (pr\u00e8s d&rsquo;Angers &#8211; 49) Pour profiter d&rsquo;un tarif pr\u00e9f\u00e9rentiel, pensez \u00e0\u00a0vous INSCRIRE avant le\u00a031 mai 2014. Pour plus d&rsquo;informations sur le stage, t\u00e9l\u00e9charger le programme. Intensif, \u00e9prouvant comme la classe, ce stage est organis\u00e9\u00a0par des praticiens des techniques Freinet [&hellip;]<\/p>\n","protected":false},"author":1,"featured_media":0,"comment_status":"closed","ping_status":"open","sticky":false,"template":"","format":"standard","meta":{"footnotes":""},"categories":[9],"tags":[],"class_list":["post-360","post","type-post","status-publish","format-standard","hentry","category-quoi-de-neuf"],"_links":{"self":[{"href":"http:\/\/www.jacques-pain.fr\/jpwp\/wp-json\/wp\/v2\/posts\/360","targetHints":{"allow":["GET"]}}],"collection":[{"href":"http:\/\/www.jacques-pain.fr\/jpwp\/wp-json\/wp\/v2\/posts"}],"about":[{"href":"http:\/\/www.jacques-pain.fr\/jpwp\/wp-json\/wp\/v2\/types\/post"}],"author":[{"embeddable":true,"href":"http:\/\/www.jacques-pain.fr\/jpwp\/wp-json\/wp\/v2\/users\/1"}],"replies":[{"embeddable":true,"href":"http:\/\/www.jacques-pain.fr\/jpwp\/wp-json\/wp\/v2\/comments?post=360"}],"version-history":[{"count":6,"href":"http:\/\/www.jacques-pain.fr\/jpwp\/wp-json\/wp\/v2\/posts\/360\/revisions"}],"predecessor-version":[{"id":376,"href":"http:\/\/www.jacques-pain.fr\/jpwp\/wp-json\/wp\/v2\/posts\/360\/revisions\/376"}],"wp:attachment":[{"href":"http:\/\/www.jacques-pain.fr\/jpwp\/wp-json\/wp\/v2\/media?parent=360"}],"wp:term":[{"taxonomy":"category","embeddable":true,"href":"http:\/\/www.jacques-pain.fr\/jpwp\/wp-json\/wp\/v2\/categories?post=360"},{"taxonomy":"post_tag","embeddable":true,"href":"http:\/\/www.jacques-pain.fr\/jpwp\/wp-json\/wp\/v2\/tags?post=360"}],"curies":[{"name":"wp","href":"https:\/\/api.w.org\/{rel}","templated":true}]}}