{"id":378,"date":"2014-05-15T08:11:04","date_gmt":"2014-05-15T06:11:04","guid":{"rendered":"http:\/\/www.jacques-pain.fr\/jpwp\/?p=378"},"modified":"2015-10-12T17:12:25","modified_gmt":"2015-10-12T15:12:25","slug":"parution-36-les-inegalites-dans-lunion-europeenne-et-ailleurs","status":"publish","type":"post","link":"http:\/\/www.jacques-pain.fr\/jpwp\/parution-36-les-inegalites-dans-lunion-europeenne-et-ailleurs\/","title":{"rendered":"Parution (36) &#8211; Les in\u00e9galit\u00e9s dans l&rsquo;Union europ\u00e9enne et ailleurs"},"content":{"rendered":"<h2><a href=\"http:\/\/www.jacques-pain.fr\/jpwp\/wp-content\/uploads\/2014\/05\/Les_inegalites_dans_l_Union_Europeenne_et_ailleurs.jpg\"><img loading=\"lazy\" decoding=\"async\" class=\"alignleft wp-image-379 size-full\" src=\"http:\/\/www.jacques-pain.fr\/jpwp\/wp-content\/uploads\/2014\/05\/Les_inegalites_dans_l_Union_Europeenne_et_ailleurs.jpg\" alt=\"Les_inegalites_dans_l_Union_Europeenne_et_ailleurs\" width=\"160\" height=\"220\" \/><\/a>Et si on osait ?<\/h2>\n<p>Gabriel Langou\u00ebt, L&rsquo;Harmattan 2014.<\/p>\n<p style=\"text-align: justify;\"><span style=\"color: #000000;\">La mondialisation avance \u00e0 pas de g\u00e9ant. Elle creuse sans vergogne les in\u00e9galit\u00e9s, au profit d\u2019une infime minorit\u00e9 et au d\u00e9triment de l\u2019immense majorit\u00e9, notamment des plus pauvres et des ch\u00f4meurs, mais aussi de notre plan\u00e8te, de plus en plus pill\u00e9e et fragilis\u00e9e.\u00a0<\/span><br style=\"color: #000000;\" \/><span style=\"color: #000000;\">N\u00e9e du refus des guerres qui l\u2019ont marqu\u00e9e, et fond\u00e9e sur l\u2019id\u00e9e profond\u00e9ment humaniste du regroupement des peuples, l\u2019Union Europ\u00e9enne reste trop m\u00e9connue des Europ\u00e9ens eux-m\u00eames. C\u2019est pourquoi l\u2019auteur a d\u2019abord voulu d\u00e9crire les populations qui la composent, en fonction des domaines de d\u00e9veloppement humain &#8211; revenus, sant\u00e9 et \u00e9ducation -, puis les in\u00e9galit\u00e9s qu\u2019elles connaissent, notamment selon la r\u00e9partition des revenus ou le genre\u00a0; enfin les comparer, entre elles mais aussi par rapport \u00e0 d\u2019autres populations du globe.<\/span><br style=\"color: #000000;\" \/><span style=\"color: #000000;\">Certes, aux extr\u00eames, la Bulgarie et la Roumanie restent \u00e9loign\u00e9es de la Finlande ou de la Su\u00e8de, mais de fa\u00e7on assez similaire aux deux parties de l\u2019Allemagne avant leur r\u00e9unification\u00a0; et plusieurs anciennes r\u00e9publiques socialistes de l\u2019Est, n\u2019ont rien \u00e0 envier, notamment en mati\u00e8re d\u2019\u00e9ducation ou de r\u00e9duction des in\u00e9galit\u00e9s, \u00e0 celles de l\u2019Ouest ou du Sud&#8230;<\/span><br style=\"color: #000000;\" \/><span style=\"color: #000000;\">L\u2019UE poss\u00e8de un atout majeur, sa relative homog\u00e9n\u00e9it\u00e9\u00a0: aucun \u00c9tat n\u2019atteint la situation de pauvret\u00e9 de l\u2019Inde ou de la Chine, ni les in\u00e9galit\u00e9s sociales que connaissent l\u2019Afrique du Sud ou le Br\u00e9sil. Elle est en mesure de produire un bel exemple de compl\u00e9mentarit\u00e9 entre progr\u00e8s du d\u00e9veloppement humain et r\u00e9duction des in\u00e9galit\u00e9s. Il appartient aux forces politiques de s\u2019en saisir.\u00a0<\/span><\/p>\n<h3 id=\"author388263\" class=\"lato\" style=\"color: #555555;\">Gabriel Langou\u00ebt<\/h3>\n<div class=\"html\" style=\"color: #484848;\">\n<p style=\"font-weight: inherit; font-style: inherit; text-align: justify;\">Professeur des Universit\u00e9s depuis 1984 (Universit\u00e9 Ren\u00e9 Descartes &#8211; Paris V) et membre du Centre d&rsquo;\u00c9tudes et de Recherche sur les Liens Sociaux (CERLIS &#8211; CNRS), Gabriel Langou\u00ebt a exerc\u00e9 de nombreuses responsabilit\u00e9s.\u00a0Il a enseign\u00e9 la sociologie de l&rsquo;\u00e9ducation et engag\u00e9 de nombreuses recherches dans le champ des technologies \u00e9ducatives et des innovations p\u00e9dagogiques. De 1999 \u00e0 la fin 2005, il a dirig\u00e9 l&rsquo;Observatoire de l&rsquo;Enfance en France. Il est actuellement professeur \u00e9m\u00e9rite.<\/p>\n<\/div>\n","protected":false},"excerpt":{"rendered":"<p>Et si on osait ? Gabriel Langou\u00ebt, L&rsquo;Harmattan 2014. La mondialisation avance \u00e0 pas de g\u00e9ant. Elle creuse sans vergogne les in\u00e9galit\u00e9s, au profit d\u2019une infime minorit\u00e9 et au d\u00e9triment de l\u2019immense majorit\u00e9, notamment des plus pauvres et des ch\u00f4meurs, mais aussi de notre plan\u00e8te, de plus en plus pill\u00e9e et fragilis\u00e9e.\u00a0N\u00e9e du refus des [&hellip;]<\/p>\n","protected":false},"author":1,"featured_media":0,"comment_status":"closed","ping_status":"closed","sticky":false,"template":"","format":"standard","meta":{"footnotes":""},"categories":[10,9],"tags":[],"class_list":["post-378","post","type-post","status-publish","format-standard","hentry","category-parutions","category-quoi-de-neuf"],"_links":{"self":[{"href":"http:\/\/www.jacques-pain.fr\/jpwp\/wp-json\/wp\/v2\/posts\/378","targetHints":{"allow":["GET"]}}],"collection":[{"href":"http:\/\/www.jacques-pain.fr\/jpwp\/wp-json\/wp\/v2\/posts"}],"about":[{"href":"http:\/\/www.jacques-pain.fr\/jpwp\/wp-json\/wp\/v2\/types\/post"}],"author":[{"embeddable":true,"href":"http:\/\/www.jacques-pain.fr\/jpwp\/wp-json\/wp\/v2\/users\/1"}],"replies":[{"embeddable":true,"href":"http:\/\/www.jacques-pain.fr\/jpwp\/wp-json\/wp\/v2\/comments?post=378"}],"version-history":[{"count":6,"href":"http:\/\/www.jacques-pain.fr\/jpwp\/wp-json\/wp\/v2\/posts\/378\/revisions"}],"predecessor-version":[{"id":784,"href":"http:\/\/www.jacques-pain.fr\/jpwp\/wp-json\/wp\/v2\/posts\/378\/revisions\/784"}],"wp:attachment":[{"href":"http:\/\/www.jacques-pain.fr\/jpwp\/wp-json\/wp\/v2\/media?parent=378"}],"wp:term":[{"taxonomy":"category","embeddable":true,"href":"http:\/\/www.jacques-pain.fr\/jpwp\/wp-json\/wp\/v2\/categories?post=378"},{"taxonomy":"post_tag","embeddable":true,"href":"http:\/\/www.jacques-pain.fr\/jpwp\/wp-json\/wp\/v2\/tags?post=378"}],"curies":[{"name":"wp","href":"https:\/\/api.w.org\/{rel}","templated":true}]}}