{"id":389,"date":"2014-05-22T09:13:36","date_gmt":"2014-05-22T07:13:36","guid":{"rendered":"http:\/\/www.jacques-pain.fr\/jpwp\/?p=389"},"modified":"2015-10-12T17:12:15","modified_gmt":"2015-10-12T15:12:15","slug":"parution-38-lecole-le-desir-et-la-loi","status":"publish","type":"post","link":"http:\/\/www.jacques-pain.fr\/jpwp\/parution-38-lecole-le-desir-et-la-loi\/","title":{"rendered":"Parution (38) &#8211; L\u2019\u00e9cole, le d\u00e9sir et la loi"},"content":{"rendered":"<h2 class=\"paragraph_style_1\" style=\"color: #205892;\"><img loading=\"lazy\" decoding=\"async\" class=\"alignleft size-full wp-image-390\" src=\"http:\/\/www.jacques-pain.fr\/jpwp\/wp-content\/uploads\/2014\/05\/L_\u00e9cole-le-d\u00e9sir-et-la-loi.jpg\" alt=\"L_\u00e9cole le d\u00e9sir et la loi\" width=\"188\" height=\"247\" \/><\/h2>\n<h2 class=\"paragraph_style_1\" style=\"color: #205892;\">\u00a0<\/h2>\n<h2 class=\"paragraph_style_1\" style=\"color: #205892;\"><span style=\"color: #000000; font-family: times new roman,times,serif;\"><strong>L&rsquo;\u00e9cole, le d\u00e9sir et la loi<br \/><\/strong><strong><span style=\"font-size: 10pt;\">Fernand Oury et la p\u00e9dagogie institutionnelle<\/span><\/strong><\/span><\/h2>\n<p class=\"paragraph_style_1\" style=\"color: #205892; text-align: justify;\"><span style=\"color: #000000; font-family: times new roman,times,serif;\">de Raymond B\u00e9n\u00e9vent, Claude Mouchet. Champ social, Matrice. 2014 &#8211; 493 pages et un album photos.<\/span><\/p>\n<p style=\"color: #444444; text-align: justify;\">\u00a0<\/p>\n<p style=\"color: #444444; text-align: justify;\">\u00a0<\/p>\n<p style=\"color: #444444; text-align: justify;\">\u00a0<\/p>\n<hr \/>\n<p style=\"color: #444444; text-align: justify;\">\u00a0<\/p>\n<p style=\"color: #444444; text-align: justify;\"><span style=\"font-family: times new roman,times,serif;\"><strong style=\"font-style: inherit;\"><span class=\"goog_qs-tidbit goog_qs-tidbit-0\" style=\"font-weight: inherit; font-style: inherit; color: #000000;\">Pr\u00e9sentation du livre :\u00a0<\/span><\/strong><span class=\"goog_qs-tidbit goog_qs-tidbit-0\" style=\"font-weight: inherit; font-style: inherit; color: #000000;\">Fernand Oury (1920-1998), innovateur p\u00e9dagogique\u00a0<\/span>original d\u00e8s avant sa rencontre avec C\u00e9lestin Freinet (1949), qui voit ses intuitions et exp\u00e9rimentations de jeune enseignant confirm\u00e9es par les \u00e9laborations du fondateur de la p\u00e9dagogie coop\u00e9rative : la p\u00e9dagogie frontale et sa concr\u00e9tisation quasi-caricaturale dans l\u2019organisation de l\u2019\u00e9cole-caserne sont une impasse non seulement p\u00e9dagogique mais anthropologique. Mais les p\u00e9dagogies \u00ab libertaires \u00bb le sont tout autant, qui laissent la \u00ab libert\u00e9 ensauvag\u00e9e \u00bb \u00e0 sa propre pente autodestructrice. Marqu\u00e9 d\u00e8s les ann\u00e9es 50 par les nouvelles voies de compr\u00e9hension de la vie psychique ouvertes par la psychanalyse, il r\u00e9\u00e9labore au profit de l\u2019\u00e9cole les concepts et outils forg\u00e9s par la psychoth\u00e9rapie institutionnelle (Fran\u00e7ois Tosquelles, Jean Oury). De la collaboration avec son fr\u00e8re Jean et avec ses partenaires d\u2019abord parisiens de l\u2019\u00c9cole Moderne vont na\u00eetre, avec A\u00efda Vasquez, Jacques Pain, Catherine Pochet et Fran\u00e7oise Th\u00e9baudin un ensemble d\u2019oeuvres qui exposent les implications d\u2019une nouvelle figure de l\u2019\u00ab instituteur \u00bb : le cr\u00e9ateur ou l\u2019initiateur des \u00ab institutions \u00bb, dispositifs d\u2019articulation concr\u00e8te du D\u00e9sir avec la Loi.<\/span><\/p>\n<p style=\"color: #444444; text-align: justify;\"><span style=\"font-family: times new roman,times,serif;\"><strong style=\"font-style: inherit;\">Auteurs :\u00a0<\/strong>Raymond B\u00e9n\u00e9vent, agr\u00e9g\u00e9 de philosophie, docteur en philosophie, psychanalyste, a enseign\u00e9 jusqu\u2019en 2010 \u00e0 l\u2019Institut Universitaire de Formation des Ma\u00eetres d\u2019Alsace\/Universit\u00e9 de Strasbourg. Il est par ailleurs \u00e9troitement associ\u00e9 depuis 2002 au travail de la clinique psychiatrique de La Borde, fond\u00e9e et dirig\u00e9e par Jean Oury.<\/span><br \/><span style=\"font-family: times new roman,times,serif;\">Claude Mouchet, ancien \u00e9l\u00e8ve de l\u2019\u00c9cole Normale Sup\u00e9rieure de Saint-Cloud, agr\u00e9g\u00e9 de philosophie, a enseign\u00e9 jusqu\u2019en 2007 \u00e0 l\u2019Institut Universitaire de Formation des Ma\u00eetres d\u2019Alsace\/Universit\u00e9 de Strasbourg (essentiellement dans la formation des enseignants du premier degr\u00e9).<\/span><\/p>\n","protected":false},"excerpt":{"rendered":"<p>\u00a0 L&rsquo;\u00e9cole, le d\u00e9sir et la loiFernand Oury et la p\u00e9dagogie institutionnelle de Raymond B\u00e9n\u00e9vent, Claude Mouchet. Champ social, Matrice. 2014 &#8211; 493 pages et un album photos. \u00a0 \u00a0 \u00a0 \u00a0 Pr\u00e9sentation du livre :\u00a0Fernand Oury (1920-1998), innovateur p\u00e9dagogique\u00a0original d\u00e8s avant sa rencontre avec C\u00e9lestin Freinet (1949), qui voit ses intuitions et exp\u00e9rimentations de [&hellip;]<\/p>\n","protected":false},"author":1,"featured_media":0,"comment_status":"closed","ping_status":"closed","sticky":false,"template":"","format":"standard","meta":{"footnotes":""},"categories":[10,9],"tags":[],"class_list":["post-389","post","type-post","status-publish","format-standard","hentry","category-parutions","category-quoi-de-neuf"],"_links":{"self":[{"href":"http:\/\/www.jacques-pain.fr\/jpwp\/wp-json\/wp\/v2\/posts\/389","targetHints":{"allow":["GET"]}}],"collection":[{"href":"http:\/\/www.jacques-pain.fr\/jpwp\/wp-json\/wp\/v2\/posts"}],"about":[{"href":"http:\/\/www.jacques-pain.fr\/jpwp\/wp-json\/wp\/v2\/types\/post"}],"author":[{"embeddable":true,"href":"http:\/\/www.jacques-pain.fr\/jpwp\/wp-json\/wp\/v2\/users\/1"}],"replies":[{"embeddable":true,"href":"http:\/\/www.jacques-pain.fr\/jpwp\/wp-json\/wp\/v2\/comments?post=389"}],"version-history":[{"count":5,"href":"http:\/\/www.jacques-pain.fr\/jpwp\/wp-json\/wp\/v2\/posts\/389\/revisions"}],"predecessor-version":[{"id":728,"href":"http:\/\/www.jacques-pain.fr\/jpwp\/wp-json\/wp\/v2\/posts\/389\/revisions\/728"}],"wp:attachment":[{"href":"http:\/\/www.jacques-pain.fr\/jpwp\/wp-json\/wp\/v2\/media?parent=389"}],"wp:term":[{"taxonomy":"category","embeddable":true,"href":"http:\/\/www.jacques-pain.fr\/jpwp\/wp-json\/wp\/v2\/categories?post=389"},{"taxonomy":"post_tag","embeddable":true,"href":"http:\/\/www.jacques-pain.fr\/jpwp\/wp-json\/wp\/v2\/tags?post=389"}],"curies":[{"name":"wp","href":"https:\/\/api.w.org\/{rel}","templated":true}]}}