{"id":3932,"date":"2019-09-11T16:33:50","date_gmt":"2019-09-11T14:33:50","guid":{"rendered":"http:\/\/www.jacques-pain.fr\/jpwp\/?p=3932"},"modified":"2019-10-01T10:00:58","modified_gmt":"2019-10-01T08:00:58","slug":"sommaire-3","status":"publish","type":"post","link":"http:\/\/www.jacques-pain.fr\/jpwp\/sommaire-3\/","title":{"rendered":"Sommaire 3"},"content":{"rendered":"<p>&nbsp;<\/p>\n<table style=\"width: 99.0055%;\">\n<tbody>\n<tr valign=\"TOP\">\n<td style=\"width: 34.8387%;\" width=\"30%\">\n<p>Lire aussi :<\/p>\n<p><a href=\"http:\/\/www.jacques-pain.fr\/jpwp\/sommaire-3\/mireille-cifali-2019\/\" rel=\"attachment wp-att-3938\"><img loading=\"lazy\" decoding=\"async\" class=\"alignnone size-thumbnail wp-image-3938\" src=\"http:\/\/www.jacques-pain.fr\/jpwp\/wp-content\/uploads\/2019\/09\/Mireille-Cifali-2019-150x150.png\" alt=\"\" width=\"150\" height=\"150\" \/><\/a><\/p>\n<p><a href=\"http:\/\/www.jacques-pain.fr\/jpwp\/sommaire-3\/preserver-un-lien\/\" rel=\"attachment wp-att-3937\">\u00ab\u00a0Pre\u0301server un lien\u00a0\u00bb<\/a><br \/>\nMireille Cifali<br \/>\n&#8230;&#8230;&#8230;&#8230;&#8230;&#8230;&#8230;&#8230;&#8230;&#8230;&#8230;&#8230;..<br \/>\n<a href=\"http:\/\/www.jacques-pain.fr\/jacques-pain\/Quoi_de_neuf\/Entrees\/2014\/5\/19_Parution_%2838%29__Le_livre_de_Fernand_Oury.html\"><strong>\u00ab\u00a0Le livre de Fernand Oury\u00a0\u00bb (2014)<\/strong><\/a><br \/>\n&#8230;&#8230;&#8230;&#8230;&#8230;&#8230;&#8230;&#8230;&#8230;&#8230;&#8230;&#8230;..<br \/>\n<a href=\"http:\/\/www.jacques-pain.fr\/jpwp\/parution-40-christine-vander-borght-travailler-ensemble-en-institution\/\"><strong>\u00ab\u00a0Travailler ensemble en institution\u00a0\u00bb<\/strong><\/a><br \/>\nChristine Vander Borght<br \/>\n&#8230;&#8230;&#8230;&#8230;&#8230;&#8230;&#8230;&#8230;&#8230;&#8230;&#8230;&#8230;<\/p>\n<p>Voir et revoir :<\/p>\n<p><a title=\"Hommages_a_JO_et_FO.html\" href=\"http:\/\/www.jacques-pain.fr\/jpwp\/hommage-a-jean-oury-et-fernand-oury\/\" target=\"_blank\" rel=\"noopener noreferrer\">Hommages !\u00a0\u00a0<\/a><br \/>\nJean Oury<br \/>\nFernand Oury,<\/p>\n<p><a href=\"http:\/\/www.jacques-pain.fr\/jpwp\/auteurs-biographies-bibliographies\/\">et Auteurs<\/a> :<br \/>\nFran\u00e7ois Tosquelles,<br \/>\nF\u00e9lix Guattari, <br \/>\nC\u00e9lestin Freinet.<\/p>\n<p>&#8230;&#8230;&#8230;&#8230;&#8230;&#8230;&#8230;&#8230;&#8230;&#8230;&#8230;&#8230;&#8230;.<\/p>\n<\/td>\n<td style=\"width: 40.0942%;\">\n<div>\n<p>La p\u00e9dagogie institutionnelle <br \/>\ndes Calendrettes : <strong><a href=\"https:\/\/youtu.be\/iEU5ApPgp9Q\">la lemosina<\/a><br \/>\n&#8230;&#8230;&#8230;&#8230;&#8230;&#8230;&#8230;.<br \/>\n<\/strong><\/p>\n<\/div>\n<div>\n<p><strong>Et la classe invers\u00e9e ?<\/strong> (<strong>2018<\/strong>)<br \/>\nSylvain Connac : <br \/>\n<em><strong><a href=\"http:\/\/www.jacques-pain.fr\/jpwp\/et-la-classe-inversee-faire-le-point\/\">Faire le point<\/a><br \/>\n&#8230;&#8230;&#8230;&#8230;&#8230;&#8230;&#8230;.<\/strong><\/em><\/p>\n<\/div>\n<div>\n<p><strong>C&rsquo;est quoi le conseil<\/strong> ? (<strong>2018<\/strong>)<br \/>\nICEM 34, pr\u00e9face Jean Le Gal<br \/>\nhttp:\/\/www.icem34.fr\/librairie<br \/>\n&#8230;&#8230;&#8230;&#8230;&#8230;&#8230;&#8230;&#8230;&#8230;.<\/p>\n<\/div>\n<div>\n<p><a title=\"Recherches_et_evaluations\" href=\"https:\/\/youtu.be\/8cqjtYHfqyY\" target=\"_blank\" rel=\"noopener noreferrer\"><strong>\u00a0La p\u00e9dagogie institutionnelle adapt\u00e9e <\/strong><strong>de<\/strong> <\/a><a href=\"https:\/\/youtu.be\/8cqjtYHfqyY\">Sylvie Canat<\/a>\u00a0 (Conf\u00e9rence vid\u00e9o)<br \/>\n&#8230;&#8230;&#8230;&#8230;&#8230;&#8230;&#8230;&#8230;&#8230;.<\/p>\n<\/div>\n<div>\n<p><a title=\"Publications_Violence.html\" href=\"http:\/\/www.jacques-pain.fr\/jpwp\/violences-des-reperes-de-lecture-2\/\" target=\"_blank\" rel=\"noopener noreferrer\">Violences \u00abinstitutionnelles\u00bb<\/a><br \/>\n&#8230;&#8230;&#8230;&#8230;&#8230;&#8230;&#8230;&#8230;&#8230;.<\/p>\n<\/div>\n<div>\n<p><a href=\"http:\/\/www.jacques-pain.fr\/jpwp\/martine-barro-maitre-formateure-aux-methodes-freinet\/\"><strong>Marine Baro et l&rsquo;alternative Freinet :<\/strong><br \/>\n<em>en direct<\/em><\/a><br \/>\n&#8230;&#8230;&#8230;&#8230;&#8230;&#8230;&#8230;&#8230;&#8230;..<\/p>\n<\/div>\n<div>\n<p>&nbsp;<\/p>\n<\/div>\n<div>\n<p>&nbsp;<\/p>\n<\/div>\n<div>\n<p>\u00a0\u00a0\u00a0\u00a0\u00a0\u00a0\u00a0\u00a0\u00a0\u00a0\u00a0\u00a0\u00a0\u00a0\u00a0\u00a0\u00a0\u00a0\u00a0\u00a0\u00a0\u00a0\u00a0\u00a0\u00a0\u00a0\u00a0\u00a0\u00a0\u00a0\u00a0\u00a0 <a href=\"http:\/\/www.jacques-pain.fr\/jpwp\/wp-admin\/post.php?post=3908&amp;action=edit\"><em><strong>Cf Sommaire 1<\/strong><\/em><\/a><br \/>\n\u00a0 \u00a0\u00a0 \u00a0\u00a0 \u00a0\u00a0 \u00a0\u00a0 \u00a0\u00a0 \u00a0\u00a0 \u00a0\u00a0 \u00a0\u00a0 \u00a0\u00a0 \u00a0\u00a0 <strong><em><a href=\"http:\/\/www.jacques-pain.fr\/jpwp\/cf-sommaire-2\/\">Cf Sommaire 2<\/a><\/em><\/strong><span style=\"font-family: inherit; font-size: 0.9375em;\">\u00a0 \u00a0 \u00a0 \u00a0 \u00a0 \u00a0 \u00a0 \u00a0 \u00a0 \u00a0 \u00a0 \u00a0 \u00a0 \u00a0 \u00a0 \u00a0 \u00a0 \u00a0 \u00a0 \u00a0 \u00a0 \u00a0 \u00a0 \u00a0 \u00a0 \u00a0 \u00a0 \u00a0 \u00a0 \u00a0 \u00a0\u00a0<\/span><strong style=\"font-family: inherit; font-size: 0.9375em;\"><span style=\"color: #008080;\">\u00a0<em>Sommaire 3<\/em><\/span><\/strong><\/p>\n<\/div>\n<\/td>\n<\/tr>\n<\/tbody>\n<\/table>\n<p>&nbsp;<\/p>\n","protected":false},"excerpt":{"rendered":"<p>&nbsp; Lire aussi : \u00ab\u00a0Pre\u0301server un lien\u00a0\u00bb Mireille Cifali &#8230;&#8230;&#8230;&#8230;&#8230;&#8230;&#8230;&#8230;&#8230;&#8230;&#8230;&#8230;.. \u00ab\u00a0Le livre de Fernand Oury\u00a0\u00bb (2014) &#8230;&#8230;&#8230;&#8230;&#8230;&#8230;&#8230;&#8230;&#8230;&#8230;&#8230;&#8230;.. \u00ab\u00a0Travailler ensemble en institution\u00a0\u00bb Christine Vander Borght &#8230;&#8230;&#8230;&#8230;&#8230;&#8230;&#8230;&#8230;&#8230;&#8230;&#8230;&#8230; Voir et revoir : Hommages !\u00a0\u00a0 Jean Oury Fernand Oury, et Auteurs : Fran\u00e7ois Tosquelles, F\u00e9lix Guattari, C\u00e9lestin Freinet. &#8230;&#8230;&#8230;&#8230;&#8230;&#8230;&#8230;&#8230;&#8230;&#8230;&#8230;&#8230;&#8230;. La p\u00e9dagogie institutionnelle des Calendrettes : la lemosina &#8230;&#8230;&#8230;&#8230;&#8230;&#8230;&#8230;. Et [&hellip;]<\/p>\n","protected":false},"author":1,"featured_media":0,"comment_status":"closed","ping_status":"closed","sticky":false,"template":"","format":"standard","meta":{"footnotes":""},"categories":[19,9],"tags":[],"class_list":["post-3932","post","type-post","status-publish","format-standard","hentry","category-les-sommaires","category-quoi-de-neuf"],"_links":{"self":[{"href":"http:\/\/www.jacques-pain.fr\/jpwp\/wp-json\/wp\/v2\/posts\/3932","targetHints":{"allow":["GET"]}}],"collection":[{"href":"http:\/\/www.jacques-pain.fr\/jpwp\/wp-json\/wp\/v2\/posts"}],"about":[{"href":"http:\/\/www.jacques-pain.fr\/jpwp\/wp-json\/wp\/v2\/types\/post"}],"author":[{"embeddable":true,"href":"http:\/\/www.jacques-pain.fr\/jpwp\/wp-json\/wp\/v2\/users\/1"}],"replies":[{"embeddable":true,"href":"http:\/\/www.jacques-pain.fr\/jpwp\/wp-json\/wp\/v2\/comments?post=3932"}],"version-history":[{"count":12,"href":"http:\/\/www.jacques-pain.fr\/jpwp\/wp-json\/wp\/v2\/posts\/3932\/revisions"}],"predecessor-version":[{"id":3964,"href":"http:\/\/www.jacques-pain.fr\/jpwp\/wp-json\/wp\/v2\/posts\/3932\/revisions\/3964"}],"wp:attachment":[{"href":"http:\/\/www.jacques-pain.fr\/jpwp\/wp-json\/wp\/v2\/media?parent=3932"}],"wp:term":[{"taxonomy":"category","embeddable":true,"href":"http:\/\/www.jacques-pain.fr\/jpwp\/wp-json\/wp\/v2\/categories?post=3932"},{"taxonomy":"post_tag","embeddable":true,"href":"http:\/\/www.jacques-pain.fr\/jpwp\/wp-json\/wp\/v2\/tags?post=3932"}],"curies":[{"name":"wp","href":"https:\/\/api.w.org\/{rel}","templated":true}]}}